{"id":3388,"date":"2026-04-17T16:17:03","date_gmt":"2026-04-17T14:17:03","guid":{"rendered":"https:\/\/www.iisce.it\/biblioteca\/?p=3388"},"modified":"2026-04-17T16:49:05","modified_gmt":"2026-04-17T14:49:05","slug":"il-pensiero-politico-di-giovanni-gentile","status":"publish","type":"post","link":"https:\/\/www.iisce.it\/biblioteca\/2026\/04\/17\/il-pensiero-politico-di-giovanni-gentile\/","title":{"rendered":"Il Pensiero politico di Giovanni Gentile:"},"content":{"rendered":"\n<p class=\"wp-block-paragraph\">Autore: <strong>Virna Felicetti<\/strong><\/p>\n\n\n\n<p class=\"wp-block-paragraph\">Anno di pubblicazione : <strong>2026<\/strong><\/p>\n\n\n\n<p class=\"wp-block-paragraph\">Editore: <strong>IISCE Istituto Italiano di Storia e Cultura Europea<\/strong><\/p>\n\n\n\n<p class=\"wp-block-paragraph\">ISBN: <strong>979-12-985747-0-0<\/strong><\/p>\n\n\n\n<hr class=\"wp-block-separator has-alpha-channel-opacity\"\/>\n\n\n\n<p class=\"wp-block-paragraph\">Il volume ricostruisce il percorso filosofico e politico di Giovanni Gentile, seguendone lo sviluppo dalle prime riflessioni sul marxismo e sul liberalismo fino alla piena elaborazione della teoria dello Stato etico.<\/p>\n\n\n\n<p class=\"wp-block-paragraph\">Attraverso un\u2019analisi organica delle opere e del contesto storico, l\u2019autrice mostra come il pensiero gentiliano approdi a una concezione dello Stato quale realt\u00e0 etica, in cui individuo e collettivit\u00e0 si identificano in una volont\u00e0 comune. In questa prospettiva, politica, economia, religione e cultura convergono in un\u2019unit\u00e0 spirituale che supera l\u2019individualismo e fonda l\u2019idea di comunit\u00e0 nazionale.<\/p>\n\n\n\n<p class=\"wp-block-paragraph\">Il ritratto che ne emerge \u00e8 quello di uno dei maggiori pensatori del &nbsp;Novecento italiano, la cui filosofia si configura come una teoria della prassi, capace di coniugare pensiero e azione e di incidere profondamente nella storia politica e culturale del Paese.<\/p>\n\n\n\n<hr class=\"wp-block-separator has-alpha-channel-opacity\"\/>\n\n\n\n<p class=\"wp-block-paragraph\"><strong>Virna Felicetti<\/strong> si \u00e8 laureata all\u2019Universit\u00e0 degli Studi di Siena occupandosi dello studio del pensiero gentiliano<\/p>\n\n\n\n<div data-wp-interactive=\"core\/file\" class=\"wp-block-file\"><object data-wp-bind--hidden=\"!state.hasPdfPreview\" hidden class=\"wp-block-file__embed\" data=\"https:\/\/www.iisce.it\/biblioteca\/wp-content\/uploads\/2026\/04\/Virna-Felicetti_-Il-pensiero-politico-di-Giovanni-Gentile.pdf\" type=\"application\/pdf\" style=\"width:100%;height:600px\" aria-label=\"Incorporamento di Virna Felicetti_ Il pensiero politico di Giovanni Gentile.\"><\/object><a id=\"wp-block-file--media-8752f1cd-8d8a-486c-a976-9c20ca61fec5\" href=\"https:\/\/www.iisce.it\/biblioteca\/wp-content\/uploads\/2026\/04\/Virna-Felicetti_-Il-pensiero-politico-di-Giovanni-Gentile.pdf\">Virna Felicetti_ Il pensiero politico di Giovanni Gentile<\/a><a href=\"https:\/\/www.iisce.it\/biblioteca\/wp-content\/uploads\/2026\/04\/Virna-Felicetti_-Il-pensiero-politico-di-Giovanni-Gentile.pdf\" class=\"wp-block-file__button wp-element-button\" download aria-describedby=\"wp-block-file--media-8752f1cd-8d8a-486c-a976-9c20ca61fec5\">Download<\/a><\/div>\n\n\n\n<p class=\"wp-block-paragraph\"><\/p>\n","protected":false},"excerpt":{"rendered":"<p>Autore: Virna Felicetti Anno di pubblicazione : 2026 Editore: IISCE Istituto Italiano di Storia e Cultura Europea ISBN: 979-12-985747-0-0 Il volume ricostruisce il percorso filosofico e politico di Giovanni Gentile, seguendone lo sviluppo dalle prime riflessioni sul marxismo e sul liberalismo fino alla piena elaborazione della teoria dello Stato etico. Attraverso un\u2019analisi organica delle opere [&hellip;]<\/p>\n","protected":false},"author":1,"featured_media":3389,"comment_status":"closed","ping_status":"closed","sticky":false,"template":"","format":"standard","meta":{"footnotes":""},"categories":[25,28],"tags":[],"class_list":["post-3388","post","type-post","status-publish","format-standard","has-post-thumbnail","hentry","category-pubblicazioni-delliisce","category-virna-felicetti"],"_links":{"self":[{"href":"https:\/\/www.iisce.it\/biblioteca\/wp-json\/wp\/v2\/posts\/3388","targetHints":{"allow":["GET"]}}],"collection":[{"href":"https:\/\/www.iisce.it\/biblioteca\/wp-json\/wp\/v2\/posts"}],"about":[{"href":"https:\/\/www.iisce.it\/biblioteca\/wp-json\/wp\/v2\/types\/post"}],"author":[{"embeddable":true,"href":"https:\/\/www.iisce.it\/biblioteca\/wp-json\/wp\/v2\/users\/1"}],"replies":[{"embeddable":true,"href":"https:\/\/www.iisce.it\/biblioteca\/wp-json\/wp\/v2\/comments?post=3388"}],"version-history":[{"count":5,"href":"https:\/\/www.iisce.it\/biblioteca\/wp-json\/wp\/v2\/posts\/3388\/revisions"}],"predecessor-version":[{"id":3399,"href":"https:\/\/www.iisce.it\/biblioteca\/wp-json\/wp\/v2\/posts\/3388\/revisions\/3399"}],"wp:featuredmedia":[{"embeddable":true,"href":"https:\/\/www.iisce.it\/biblioteca\/wp-json\/wp\/v2\/media\/3389"}],"wp:attachment":[{"href":"https:\/\/www.iisce.it\/biblioteca\/wp-json\/wp\/v2\/media?parent=3388"}],"wp:term":[{"taxonomy":"category","embeddable":true,"href":"https:\/\/www.iisce.it\/biblioteca\/wp-json\/wp\/v2\/categories?post=3388"},{"taxonomy":"post_tag","embeddable":true,"href":"https:\/\/www.iisce.it\/biblioteca\/wp-json\/wp\/v2\/tags?post=3388"}],"curies":[{"name":"wp","href":"https:\/\/api.w.org\/{rel}","templated":true}]}}